{"id":1890,"date":"2019-05-30T21:55:58","date_gmt":"2019-05-30T21:55:58","guid":{"rendered":"https:\/\/claireideas.com\/?p=1890"},"modified":"2019-05-31T07:23:11","modified_gmt":"2019-05-31T07:23:11","slug":"decernarea-premiilor-elle-decoration-romanian-design-awards-2019","status":"publish","type":"post","link":"https:\/\/claireideas.com\/ro\/2019\/05\/decernarea-premiilor-elle-decoration-romanian-design-awards-2019\/","title":{"rendered":"Decernarea Premiilor Elle Decoration Romanian Design Awards 2019"},"content":{"rendered":"\n<p style=\"text-align:center\" class=\"has-medium-font-size\">Elle\nDecoration Romanian Design Awards 2019 a str\u00e2ns anul aceasta un num\u0103r\nimpresionant de participan\u021bi cu proiecte inedite, dintre care au fost alese c\u00e2te\nun num\u0103r de \u0219ase proiecte care au ajuns \u00een marea final\u0103 pentru fiecare dintre\ncele trei categorii. <\/p>\n\n\n\n<p style=\"text-align:center\" class=\"has-medium-font-size\">*<strong>Cristina Zgripcea<\/strong> a c\u00e2\u0219tigat cu proiectul <a href=\"https:\/\/www.elle.ro\/decoration\/beat-45\/\"><strong>Beat 45<\/strong><\/a> <strong>Premiul pentru cea mai buna Amenajare a unui Spatiu Public  <\/strong><\/p>\n\n\n\n<p style=\"text-align:center\" class=\"has-medium-font-size\">* <strong>Raluca \u0219i Radu Dofin <\/strong>au c\u00e2\u0219tigat cu proiectul <a href=\"https:\/\/www.elle.ro\/decoration\/natural-elegance\/\"><strong>Natural Elegance<\/strong><\/a> <strong>Premiul pentru cea mai bun\u0103 Amenajare a unei Locuin\u021be Private <\/strong><\/p>\n\n\n\n<p style=\"text-align:center\" class=\"has-medium-font-size\">*<strong>Ana Popescu \/Dare to Rug<\/strong> au c\u00e2\u0219tigat cu proiectul <strong><a href=\"https:\/\/www.elle.ro\/decoration\/shade\/\">Shade<\/a><\/strong> <strong>Premiul pentru cel mai bun Obiect de Design al Anului <\/strong><\/p>\n\n\n\n<p style=\"text-align:center\" class=\"has-medium-font-size\">Proiectele\nau fost votate at\u00e2t de c\u0103tre un juriu specializat, c\u00e2t \u0219i de c\u0103tre publicul\nlarg. Pe l\u00e2ng\u0103 categoriile pentru care au fost \u00eenscrise proiectele, am avut\npl\u0103cerea de a asista la \u00eenm\u00e2narea unor premii suplimentare:<\/p>\n\n\n\n<p style=\"text-align:center\" class=\"has-medium-font-size\">*<strong>Arh. Bogdan Babici<\/strong> i s-a acordat <strong>Premiul pentru Sustenabilitate<\/strong>, c\u00eet \u0219i <strong>Premiul pentru \u00centreaga Activitate<\/strong>  <\/p>\n\n\n\n<p style=\"text-align:center\" class=\"has-medium-font-size\">*<strong>Sergiu Califar<\/strong> \u0219i echipa sa au primit <strong>Premiul Publicului<\/strong> pentru proiectului <a href=\"https:\/\/www.elle.ro\/decoration\/mandachi-hotelspa\/\"><strong>Mandachi Hotel &amp; Spa<\/strong><\/a>  <\/p>\n\n\n\n<p style=\"text-align:center\" class=\"has-medium-font-size\">*<strong>Delta Craft<\/strong> au c\u00e2\u0219tigat <strong>Premiul pentru cel mai bun Designer al Anului<\/strong><\/p>\n\n\n\n<p style=\"text-align:center\" class=\"has-medium-font-size\">Surpriza serii a fost \u00eenm\u00e2narea <strong>Premiului pentru cel mai Activ Sus\u021bin\u0103tor al Designului<\/strong> c\u0103tre echipa din spatele <strong>Romanian Design Week<\/strong>, care de peste \u0219apte ani \u00ee\u0219i dedic\u0103 munca pentru promovarea <strong>Designului Rom\u00e2nesc.<\/strong><\/p>\n\n\n\n<p style=\"text-align:center\" class=\"has-medium-font-size\">Trofeele care au fost \u00eenm\u00e2nate, dup\u0103 cum bine se \u0219tie, sunt realizate de c\u0103tre designerul rom\u00e2n <strong>C\u0103t\u0103lin N\u0103st\u0103soiu<\/strong> \u0219i au fost special realizate pentru acest eveniment dup\u0103 opera sa <strong>Cele 3 Gra\u021bii,<\/strong> cele 3 vaze care au <strong>conturul \u00een forma Rom\u00e2niei. <\/strong><\/p>\n\n\n\n<p style=\"text-align:center\" class=\"has-medium-font-size\">V\u0103 l\u0103s\u0103m s\u0103 admira\u021bi c\u00e2teva poze pentru a intra \u00een atmosfera de gal\u0103 unde r\u00e2setele \u0219i buna dispozi\u021bie, \u00eempreun\u0103 cu detaliile organizatorice au dus la \u00eembinarea unui eveniment bine realizat. <\/p>\n\n\n\n<p style=\"text-align:center\" class=\"has-medium-font-size\">Felicit\u0103ri pentru organizare Ileana R\u0103ducanu, felicit\u0103ri echipei suport, c\u00e2t \u0219i partenerilor evenimentului. <\/p>\n\n\n\n<p style=\"text-align:center\" class=\"has-medium-font-size\"><em>PS: Ne cerem scuze, pozele sunt brute, nu mai aveam r\u0103bdare, trebuia s\u0103 vi le ar\u0103t\u0103m\u2026 &nbsp;anyhow, enjoy! <\/em><\/p>\n\n\n\n<ul class=\"wp-block-gallery columns-3 is-cropped wp-block-gallery-1 is-layout-flex wp-block-gallery-is-layout-flex\"><li class=\"blocks-gallery-item\"><figure><img fetchpriority=\"high\" decoding=\"async\" width=\"1024\" height=\"768\" src=\"https:\/\/claireideas.com\/wp-content\/uploads\/2019\/05\/20190530_203611-1024x768.jpg\" alt=\"\" data-id=\"1903\" data-link=\"https:\/\/claireideas.com\/2019\/05\/decernarea-premiilor-elle-decoration-romanian-design-awards-2019\/20190530_203611\/\" class=\"wp-image-1903\" srcset=\"https:\/\/claireideas.com\/wp-content\/uploads\/2019\/05\/20190530_203611-1024x768.jpg 1024w, https:\/\/claireideas.com\/wp-content\/uploads\/2019\/05\/20190530_203611-300x225.jpg 300w, https:\/\/claireideas.com\/wp-content\/uploads\/2019\/05\/20190530_203611-768x576.jpg 768w\" sizes=\"(max-width: 1024px) 100vw, 1024px\" \/><\/figure><\/li><li class=\"blocks-gallery-item\"><figure><img decoding=\"async\" width=\"1024\" height=\"768\" src=\"https:\/\/claireideas.com\/wp-content\/uploads\/2019\/05\/20190530_195528-1-1024x768.jpg\" alt=\"\" data-id=\"1906\" data-link=\"https:\/\/claireideas.com\/2019\/05\/decernarea-premiilor-elle-decoration-romanian-design-awards-2019\/20190530_195528-1\/\" class=\"wp-image-1906\" srcset=\"https:\/\/claireideas.com\/wp-content\/uploads\/2019\/05\/20190530_195528-1-1024x768.jpg 1024w, https:\/\/claireideas.com\/wp-content\/uploads\/2019\/05\/20190530_195528-1-300x225.jpg 300w, https:\/\/claireideas.com\/wp-content\/uploads\/2019\/05\/20190530_195528-1-768x576.jpg 768w\" sizes=\"(max-width: 1024px) 100vw, 1024px\" \/><\/figure><\/li><li class=\"blocks-gallery-item\"><figure><img decoding=\"async\" width=\"1024\" height=\"768\" src=\"https:\/\/claireideas.com\/wp-content\/uploads\/2019\/05\/20190530_200413-1-1024x768.jpg\" alt=\"\" data-id=\"1907\" data-link=\"https:\/\/claireideas.com\/2019\/05\/decernarea-premiilor-elle-decoration-romanian-design-awards-2019\/20190530_200413-1\/\" class=\"wp-image-1907\" srcset=\"https:\/\/claireideas.com\/wp-content\/uploads\/2019\/05\/20190530_200413-1-1024x768.jpg 1024w, https:\/\/claireideas.com\/wp-content\/uploads\/2019\/05\/20190530_200413-1-300x225.jpg 300w, https:\/\/claireideas.com\/wp-content\/uploads\/2019\/05\/20190530_200413-1-768x576.jpg 768w\" sizes=\"(max-width: 1024px) 100vw, 1024px\" \/><\/figure><\/li><li class=\"blocks-gallery-item\"><figure><img loading=\"lazy\" decoding=\"async\" width=\"1024\" height=\"768\" src=\"https:\/\/claireideas.com\/wp-content\/uploads\/2019\/05\/20190530_200416-1-1024x768.jpg\" alt=\"\" data-id=\"1908\" data-link=\"https:\/\/claireideas.com\/2019\/05\/decernarea-premiilor-elle-decoration-romanian-design-awards-2019\/20190530_200416-1\/\" class=\"wp-image-1908\" srcset=\"https:\/\/claireideas.com\/wp-content\/uploads\/2019\/05\/20190530_200416-1-1024x768.jpg 1024w, https:\/\/claireideas.com\/wp-content\/uploads\/2019\/05\/20190530_200416-1-300x225.jpg 300w, https:\/\/claireideas.com\/wp-content\/uploads\/2019\/05\/20190530_200416-1-768x576.jpg 768w\" sizes=\"(max-width: 1024px) 100vw, 1024px\" \/><\/figure><\/li><li class=\"blocks-gallery-item\"><figure><img loading=\"lazy\" decoding=\"async\" width=\"1024\" height=\"768\" src=\"https:\/\/claireideas.com\/wp-content\/uploads\/2019\/05\/20190530_210903-1-1024x768.jpg\" alt=\"\" data-id=\"1909\" data-link=\"https:\/\/claireideas.com\/2019\/05\/decernarea-premiilor-elle-decoration-romanian-design-awards-2019\/20190530_210903-1\/\" class=\"wp-image-1909\" srcset=\"https:\/\/claireideas.com\/wp-content\/uploads\/2019\/05\/20190530_210903-1-1024x768.jpg 1024w, https:\/\/claireideas.com\/wp-content\/uploads\/2019\/05\/20190530_210903-1-300x225.jpg 300w, https:\/\/claireideas.com\/wp-content\/uploads\/2019\/05\/20190530_210903-1-768x576.jpg 768w\" sizes=\"(max-width: 1024px) 100vw, 1024px\" \/><\/figure><\/li><li class=\"blocks-gallery-item\"><figure><img loading=\"lazy\" decoding=\"async\" width=\"1024\" height=\"768\" src=\"https:\/\/claireideas.com\/wp-content\/uploads\/2019\/05\/20190530_210906-1-1024x768.jpg\" alt=\"\" data-id=\"1910\" data-link=\"https:\/\/claireideas.com\/2019\/05\/decernarea-premiilor-elle-decoration-romanian-design-awards-2019\/20190530_210906-1\/\" class=\"wp-image-1910\" srcset=\"https:\/\/claireideas.com\/wp-content\/uploads\/2019\/05\/20190530_210906-1-1024x768.jpg 1024w, https:\/\/claireideas.com\/wp-content\/uploads\/2019\/05\/20190530_210906-1-300x225.jpg 300w, https:\/\/claireideas.com\/wp-content\/uploads\/2019\/05\/20190530_210906-1-768x576.jpg 768w\" sizes=\"(max-width: 1024px) 100vw, 1024px\" \/><\/figure><\/li><li class=\"blocks-gallery-item\"><figure><img loading=\"lazy\" decoding=\"async\" width=\"767\" height=\"1024\" src=\"https:\/\/claireideas.com\/wp-content\/uploads\/2019\/05\/Picture9-2-767x1024.jpg\" alt=\"\" data-id=\"1922\" data-link=\"https:\/\/claireideas.com\/2019\/05\/decernarea-premiilor-elle-decoration-romanian-design-awards-2019\/picture9-2\/\" class=\"wp-image-1922\" srcset=\"https:\/\/claireideas.com\/wp-content\/uploads\/2019\/05\/Picture9-2-767x1024.jpg 767w, https:\/\/claireideas.com\/wp-content\/uploads\/2019\/05\/Picture9-2-225x300.jpg 225w, https:\/\/claireideas.com\/wp-content\/uploads\/2019\/05\/Picture9-2-768x1025.jpg 768w, https:\/\/claireideas.com\/wp-content\/uploads\/2019\/05\/Picture9-2.jpg 1125w\" sizes=\"(max-width: 767px) 100vw, 767px\" \/><\/figure><\/li><li class=\"blocks-gallery-item\"><figure><img loading=\"lazy\" decoding=\"async\" width=\"768\" height=\"1024\" src=\"https:\/\/claireideas.com\/wp-content\/uploads\/2019\/05\/Picture8-7-768x1024.jpg\" alt=\"\" data-id=\"1923\" data-link=\"https:\/\/claireideas.com\/2019\/05\/decernarea-premiilor-elle-decoration-romanian-design-awards-2019\/picture8-7\/\" class=\"wp-image-1923\" srcset=\"https:\/\/claireideas.com\/wp-content\/uploads\/2019\/05\/Picture8-7-768x1024.jpg 768w, https:\/\/claireideas.com\/wp-content\/uploads\/2019\/05\/Picture8-7-225x300.jpg 225w, https:\/\/claireideas.com\/wp-content\/uploads\/2019\/05\/Picture8-7.jpg 1125w\" sizes=\"(max-width: 768px) 100vw, 768px\" \/><\/figure><\/li><li class=\"blocks-gallery-item\"><figure><img loading=\"lazy\" decoding=\"async\" width=\"768\" height=\"1024\" src=\"https:\/\/claireideas.com\/wp-content\/uploads\/2019\/05\/Picture7-5-768x1024.jpg\" alt=\"\" data-id=\"1924\" data-link=\"https:\/\/claireideas.com\/2019\/05\/decernarea-premiilor-elle-decoration-romanian-design-awards-2019\/picture7-5\/\" class=\"wp-image-1924\" srcset=\"https:\/\/claireideas.com\/wp-content\/uploads\/2019\/05\/Picture7-5-768x1024.jpg 768w, https:\/\/claireideas.com\/wp-content\/uploads\/2019\/05\/Picture7-5-225x300.jpg 225w, https:\/\/claireideas.com\/wp-content\/uploads\/2019\/05\/Picture7-5.jpg 1125w\" sizes=\"(max-width: 768px) 100vw, 768px\" \/><\/figure><\/li><li class=\"blocks-gallery-item\"><figure><img loading=\"lazy\" decoding=\"async\" width=\"768\" height=\"1024\" src=\"https:\/\/claireideas.com\/wp-content\/uploads\/2019\/05\/Picture6-6-768x1024.jpg\" alt=\"\" data-id=\"1925\" data-link=\"https:\/\/claireideas.com\/2019\/05\/decernarea-premiilor-elle-decoration-romanian-design-awards-2019\/picture6-6\/\" class=\"wp-image-1925\" srcset=\"https:\/\/claireideas.com\/wp-content\/uploads\/2019\/05\/Picture6-6-768x1024.jpg 768w, https:\/\/claireideas.com\/wp-content\/uploads\/2019\/05\/Picture6-6-225x300.jpg 225w, https:\/\/claireideas.com\/wp-content\/uploads\/2019\/05\/Picture6-6.jpg 1125w\" sizes=\"(max-width: 768px) 100vw, 768px\" \/><\/figure><\/li><li class=\"blocks-gallery-item\"><figure><img loading=\"lazy\" decoding=\"async\" width=\"768\" height=\"1024\" src=\"https:\/\/claireideas.com\/wp-content\/uploads\/2019\/05\/Picture5-6-768x1024.jpg\" alt=\"\" data-id=\"1926\" data-link=\"https:\/\/claireideas.com\/2019\/05\/decernarea-premiilor-elle-decoration-romanian-design-awards-2019\/picture5-6-2\/\" class=\"wp-image-1926\" srcset=\"https:\/\/claireideas.com\/wp-content\/uploads\/2019\/05\/Picture5-6-768x1024.jpg 768w, https:\/\/claireideas.com\/wp-content\/uploads\/2019\/05\/Picture5-6-225x300.jpg 225w, https:\/\/claireideas.com\/wp-content\/uploads\/2019\/05\/Picture5-6.jpg 1125w\" sizes=\"(max-width: 768px) 100vw, 768px\" \/><\/figure><\/li><li class=\"blocks-gallery-item\"><figure><img loading=\"lazy\" decoding=\"async\" width=\"768\" height=\"1024\" src=\"https:\/\/claireideas.com\/wp-content\/uploads\/2019\/05\/Picture4-6-768x1024.jpg\" alt=\"\" data-id=\"1927\" data-link=\"https:\/\/claireideas.com\/2019\/05\/decernarea-premiilor-elle-decoration-romanian-design-awards-2019\/picture4-6\/\" class=\"wp-image-1927\" srcset=\"https:\/\/claireideas.com\/wp-content\/uploads\/2019\/05\/Picture4-6-768x1024.jpg 768w, https:\/\/claireideas.com\/wp-content\/uploads\/2019\/05\/Picture4-6-225x300.jpg 225w, https:\/\/claireideas.com\/wp-content\/uploads\/2019\/05\/Picture4-6.jpg 1125w\" sizes=\"(max-width: 768px) 100vw, 768px\" \/><\/figure><\/li><li class=\"blocks-gallery-item\"><figure><img loading=\"lazy\" decoding=\"async\" width=\"768\" height=\"1024\" src=\"https:\/\/claireideas.com\/wp-content\/uploads\/2019\/05\/Picture3-6-768x1024.jpg\" alt=\"\" data-id=\"1928\" data-link=\"https:\/\/claireideas.com\/2019\/05\/decernarea-premiilor-elle-decoration-romanian-design-awards-2019\/picture3-6\/\" class=\"wp-image-1928\" srcset=\"https:\/\/claireideas.com\/wp-content\/uploads\/2019\/05\/Picture3-6-768x1024.jpg 768w, https:\/\/claireideas.com\/wp-content\/uploads\/2019\/05\/Picture3-6-225x300.jpg 225w, https:\/\/claireideas.com\/wp-content\/uploads\/2019\/05\/Picture3-6.jpg 1125w\" sizes=\"(max-width: 768px) 100vw, 768px\" \/><\/figure><\/li><li class=\"blocks-gallery-item\"><figure><img loading=\"lazy\" decoding=\"async\" width=\"768\" height=\"1024\" src=\"https:\/\/claireideas.com\/wp-content\/uploads\/2019\/05\/Picture2-7-768x1024.jpg\" alt=\"\" data-id=\"1929\" data-link=\"https:\/\/claireideas.com\/2019\/05\/decernarea-premiilor-elle-decoration-romanian-design-awards-2019\/picture2-7-2\/\" class=\"wp-image-1929\" srcset=\"https:\/\/claireideas.com\/wp-content\/uploads\/2019\/05\/Picture2-7-768x1024.jpg 768w, https:\/\/claireideas.com\/wp-content\/uploads\/2019\/05\/Picture2-7-225x300.jpg 225w, https:\/\/claireideas.com\/wp-content\/uploads\/2019\/05\/Picture2-7.jpg 1125w\" sizes=\"(max-width: 768px) 100vw, 768px\" \/><\/figure><\/li><\/ul>\n\n\n","protected":false},"excerpt":{"rendered":"<p>Elle Decoration Romanian Design Awards 2019 a str\u00e2ns anul aceasta un num\u0103r impresionant de participan\u021bi cu proiecte inedite, dintre care au fost alese c\u00e2te un num\u0103r de \u0219ase proiecte care au ajuns \u00een marea final\u0103 pentru fiecare dintre cele trei categorii. *Cristina Zgripcea a c\u00e2\u0219tigat cu proiectul Beat 45 Premiul pentru cea mai buna Amenajare [&hellip;]<\/p>\n","protected":false},"author":1,"featured_media":1898,"comment_status":"closed","ping_status":"closed","sticky":false,"template":"","format":"standard","meta":{"footnotes":""},"categories":[21,26],"tags":[56,60,49,62,50,61],"class_list":["post-1890","post","type-post","status-publish","format-standard","has-post-thumbnail","hentry","category-articole-design-interior","category-evenimente","tag-arhitect","tag-design-interior","tag-elle-decoration","tag-elle-decoration-romanian-design-awards","tag-romanian-design","tag-romanian-design-week"],"translation":{"provider":"WPGlobus","version":"3.0.2","language":"ro","enabled_languages":["en","ro"],"languages":{"en":{"title":true,"content":true,"excerpt":false},"ro":{"title":false,"content":false,"excerpt":false}}},"yoast_head":"<!-- This site is optimized with the Yoast SEO plugin v27.5 - https:\/\/yoast.com\/product\/yoast-seo-wordpress\/ -->\n<title>Decernarea Premiilor Elle Decoration Romanian Design Awards 2019 - Claire Ideas<\/title>\n<meta name=\"robots\" content=\"index, follow, max-snippet:-1, max-image-preview:large, max-video-preview:-1\" \/>\n<link rel=\"canonical\" href=\"https:\/\/claireideas.com\/2019\/05\/decernarea-premiilor-elle-decoration-romanian-design-awards-2019\/\" \/>\n<meta property=\"og:locale\" content=\"ro_RO\" \/>\n<meta property=\"og:type\" content=\"article\" \/>\n<meta property=\"og:title\" content=\"Decernarea Premiilor Elle Decoration Romanian Design Awards 2019 - Claire Ideas\" \/>\n<meta property=\"og:url\" content=\"https:\/\/claireideas.com\/2019\/05\/decernarea-premiilor-elle-decoration-romanian-design-awards-2019\/\" \/>\n<meta property=\"og:site_name\" content=\"Claire Ideas\" \/>\n<meta property=\"article:publisher\" content=\"https:\/\/www.facebook.com\/Claire-Ideas-Interior-Design-Project-Management-2133054803437241\/\" \/>\n<meta property=\"article:published_time\" content=\"2019-05-30T21:55:58+00:00\" \/>\n<meta property=\"article:modified_time\" content=\"2019-05-31T07:23:11+00:00\" \/>\n<meta property=\"og:image\" content=\"https:\/\/claireideas.com\/wp-content\/uploads\/2019\/05\/Picture1-9.jpg\" \/>\n\t<meta property=\"og:image:width\" content=\"919\" \/>\n\t<meta property=\"og:image:height\" content=\"766\" \/>\n\t<meta property=\"og:image:type\" content=\"image\/jpeg\" \/>\n<meta name=\"author\" content=\"JustMe\" \/>\n<meta name=\"twitter:card\" content=\"summary_large_image\" \/>\n<meta name=\"twitter:label1\" content=\"Scris de\" \/>\n\t<meta name=\"twitter:data1\" content=\"JustMe\" \/>\n\t<meta name=\"twitter:label2\" content=\"Timp estimat pentru citire\" \/>\n\t<meta name=\"twitter:data2\" content=\"2 minute\" \/>\n<script type=\"application\/ld+json\" class=\"yoast-schema-graph\">{\"@context\":\"https:\\\/\\\/schema.org\",\"@graph\":[{\"@type\":\"Article\",\"@id\":\"https:\\\/\\\/claireideas.com\\\/2019\\\/05\\\/decernarea-premiilor-elle-decoration-romanian-design-awards-2019\\\/#article\",\"isPartOf\":{\"@id\":\"https:\\\/\\\/claireideas.com\\\/2019\\\/05\\\/decernarea-premiilor-elle-decoration-romanian-design-awards-2019\\\/\"},\"author\":{\"name\":\"JustMe\",\"@id\":\"https:\\\/\\\/claireideas.com\\\/#\\\/schema\\\/person\\\/bf3c522c2b8e87a5900c9e59fcb54583\"},\"headline\":\"Decernarea Premiilor Elle Decoration Romanian Design Awards 2019\",\"datePublished\":\"2019-05-30T21:55:58+00:00\",\"dateModified\":\"2019-05-31T07:23:11+00:00\",\"mainEntityOfPage\":{\"@id\":\"https:\\\/\\\/claireideas.com\\\/2019\\\/05\\\/decernarea-premiilor-elle-decoration-romanian-design-awards-2019\\\/\"},\"wordCount\":359,\"publisher\":{\"@id\":\"https:\\\/\\\/claireideas.com\\\/#organization\"},\"image\":{\"@id\":\"https:\\\/\\\/claireideas.com\\\/2019\\\/05\\\/decernarea-premiilor-elle-decoration-romanian-design-awards-2019\\\/#primaryimage\"},\"thumbnailUrl\":\"https:\\\/\\\/claireideas.com\\\/wp-content\\\/uploads\\\/2019\\\/05\\\/Picture1-9.jpg\",\"keywords\":[\"arhitect\",\"design interior\",\"elle decoration\",\"elle decoration romanian design awards\",\"romanian design\",\"romanian design week\"],\"articleSection\":[\"ARTICOLE\",\"EVENIMENTE\"],\"inLanguage\":\"ro-RO\"},{\"@type\":\"WebPage\",\"@id\":\"https:\\\/\\\/claireideas.com\\\/2019\\\/05\\\/decernarea-premiilor-elle-decoration-romanian-design-awards-2019\\\/\",\"url\":\"https:\\\/\\\/claireideas.com\\\/2019\\\/05\\\/decernarea-premiilor-elle-decoration-romanian-design-awards-2019\\\/\",\"name\":\"Decernarea Premiilor Elle Decoration Romanian Design Awards 2019 - Claire Ideas\",\"isPartOf\":{\"@id\":\"https:\\\/\\\/claireideas.com\\\/#website\"},\"primaryImageOfPage\":{\"@id\":\"https:\\\/\\\/claireideas.com\\\/2019\\\/05\\\/decernarea-premiilor-elle-decoration-romanian-design-awards-2019\\\/#primaryimage\"},\"image\":{\"@id\":\"https:\\\/\\\/claireideas.com\\\/2019\\\/05\\\/decernarea-premiilor-elle-decoration-romanian-design-awards-2019\\\/#primaryimage\"},\"thumbnailUrl\":\"https:\\\/\\\/claireideas.com\\\/wp-content\\\/uploads\\\/2019\\\/05\\\/Picture1-9.jpg\",\"datePublished\":\"2019-05-30T21:55:58+00:00\",\"dateModified\":\"2019-05-31T07:23:11+00:00\",\"breadcrumb\":{\"@id\":\"https:\\\/\\\/claireideas.com\\\/2019\\\/05\\\/decernarea-premiilor-elle-decoration-romanian-design-awards-2019\\\/#breadcrumb\"},\"inLanguage\":\"ro-RO\",\"potentialAction\":[{\"@type\":\"ReadAction\",\"target\":[\"https:\\\/\\\/claireideas.com\\\/2019\\\/05\\\/decernarea-premiilor-elle-decoration-romanian-design-awards-2019\\\/\"]}]},{\"@type\":\"ImageObject\",\"inLanguage\":\"ro-RO\",\"@id\":\"https:\\\/\\\/claireideas.com\\\/2019\\\/05\\\/decernarea-premiilor-elle-decoration-romanian-design-awards-2019\\\/#primaryimage\",\"url\":\"https:\\\/\\\/claireideas.com\\\/wp-content\\\/uploads\\\/2019\\\/05\\\/Picture1-9.jpg\",\"contentUrl\":\"https:\\\/\\\/claireideas.com\\\/wp-content\\\/uploads\\\/2019\\\/05\\\/Picture1-9.jpg\",\"width\":919,\"height\":766},{\"@type\":\"BreadcrumbList\",\"@id\":\"https:\\\/\\\/claireideas.com\\\/2019\\\/05\\\/decernarea-premiilor-elle-decoration-romanian-design-awards-2019\\\/#breadcrumb\",\"itemListElement\":[{\"@type\":\"ListItem\",\"position\":1,\"name\":\"Home\",\"item\":\"https:\\\/\\\/claireideas.com\\\/\"},{\"@type\":\"ListItem\",\"position\":2,\"name\":\"Decernarea Premiilor Elle Decoration Romanian Design Awards 2019\"}]},{\"@type\":\"WebSite\",\"@id\":\"https:\\\/\\\/claireideas.com\\\/#website\",\"url\":\"https:\\\/\\\/claireideas.com\\\/\",\"name\":\"{:en}Claire Ideas{:}{:ro}Claire Ideas{:}\",\"description\":\"Your Business Partner - Since 2018\",\"publisher\":{\"@id\":\"https:\\\/\\\/claireideas.com\\\/#organization\"},\"potentialAction\":[{\"@type\":\"SearchAction\",\"target\":{\"@type\":\"EntryPoint\",\"urlTemplate\":\"https:\\\/\\\/claireideas.com\\\/?s={search_term_string}\"},\"query-input\":{\"@type\":\"PropertyValueSpecification\",\"valueRequired\":true,\"valueName\":\"search_term_string\"}}],\"inLanguage\":\"ro-RO\"},{\"@type\":\"Organization\",\"@id\":\"https:\\\/\\\/claireideas.com\\\/#organization\",\"name\":\"CLAIRE IDEAS\",\"url\":\"https:\\\/\\\/claireideas.com\\\/\",\"logo\":{\"@type\":\"ImageObject\",\"inLanguage\":\"ro-RO\",\"@id\":\"https:\\\/\\\/claireideas.com\\\/#\\\/schema\\\/logo\\\/image\\\/\",\"url\":\"https:\\\/\\\/claireideas.com\\\/wp-content\\\/uploads\\\/2019\\\/01\\\/Logo-Claire-Ideas.gif\",\"contentUrl\":\"https:\\\/\\\/claireideas.com\\\/wp-content\\\/uploads\\\/2019\\\/01\\\/Logo-Claire-Ideas.gif\",\"width\":499,\"height\":499,\"caption\":\"CLAIRE IDEAS\"},\"image\":{\"@id\":\"https:\\\/\\\/claireideas.com\\\/#\\\/schema\\\/logo\\\/image\\\/\"},\"sameAs\":[\"https:\\\/\\\/www.facebook.com\\\/Claire-Ideas-Interior-Design-Project-Management-2133054803437241\\\/\"]},{\"@type\":\"Person\",\"@id\":\"https:\\\/\\\/claireideas.com\\\/#\\\/schema\\\/person\\\/bf3c522c2b8e87a5900c9e59fcb54583\",\"name\":\"JustMe\"}]}<\/script>\n<!-- \/ Yoast SEO plugin. -->","yoast_head_json":{"title":"Decernarea Premiilor Elle Decoration Romanian Design Awards 2019 - Claire Ideas","robots":{"index":"index","follow":"follow","max-snippet":"max-snippet:-1","max-image-preview":"max-image-preview:large","max-video-preview":"max-video-preview:-1"},"canonical":"https:\/\/claireideas.com\/2019\/05\/decernarea-premiilor-elle-decoration-romanian-design-awards-2019\/","og_locale":"ro_RO","og_type":"article","og_title":"Decernarea Premiilor Elle Decoration Romanian Design Awards 2019 - Claire Ideas","og_url":"https:\/\/claireideas.com\/2019\/05\/decernarea-premiilor-elle-decoration-romanian-design-awards-2019\/","og_site_name":"Claire Ideas","article_publisher":"https:\/\/www.facebook.com\/Claire-Ideas-Interior-Design-Project-Management-2133054803437241\/","article_published_time":"2019-05-30T21:55:58+00:00","article_modified_time":"2019-05-31T07:23:11+00:00","og_image":[{"width":919,"height":766,"url":"https:\/\/claireideas.com\/wp-content\/uploads\/2019\/05\/Picture1-9.jpg","type":"image\/jpeg"}],"author":"JustMe","twitter_card":"summary_large_image","twitter_misc":{"Scris de":"JustMe","Timp estimat pentru citire":"2 minute"},"schema":{"@context":"https:\/\/schema.org","@graph":[{"@type":"Article","@id":"https:\/\/claireideas.com\/2019\/05\/decernarea-premiilor-elle-decoration-romanian-design-awards-2019\/#article","isPartOf":{"@id":"https:\/\/claireideas.com\/2019\/05\/decernarea-premiilor-elle-decoration-romanian-design-awards-2019\/"},"author":{"name":"JustMe","@id":"https:\/\/claireideas.com\/#\/schema\/person\/bf3c522c2b8e87a5900c9e59fcb54583"},"headline":"Decernarea Premiilor Elle Decoration Romanian Design Awards 2019","datePublished":"2019-05-30T21:55:58+00:00","dateModified":"2019-05-31T07:23:11+00:00","mainEntityOfPage":{"@id":"https:\/\/claireideas.com\/2019\/05\/decernarea-premiilor-elle-decoration-romanian-design-awards-2019\/"},"wordCount":359,"publisher":{"@id":"https:\/\/claireideas.com\/#organization"},"image":{"@id":"https:\/\/claireideas.com\/2019\/05\/decernarea-premiilor-elle-decoration-romanian-design-awards-2019\/#primaryimage"},"thumbnailUrl":"https:\/\/claireideas.com\/wp-content\/uploads\/2019\/05\/Picture1-9.jpg","keywords":["arhitect","design interior","elle decoration","elle decoration romanian design awards","romanian design","romanian design week"],"articleSection":["ARTICOLE","EVENIMENTE"],"inLanguage":"ro-RO"},{"@type":"WebPage","@id":"https:\/\/claireideas.com\/2019\/05\/decernarea-premiilor-elle-decoration-romanian-design-awards-2019\/","url":"https:\/\/claireideas.com\/2019\/05\/decernarea-premiilor-elle-decoration-romanian-design-awards-2019\/","name":"Decernarea Premiilor Elle Decoration Romanian Design Awards 2019 - Claire Ideas","isPartOf":{"@id":"https:\/\/claireideas.com\/#website"},"primaryImageOfPage":{"@id":"https:\/\/claireideas.com\/2019\/05\/decernarea-premiilor-elle-decoration-romanian-design-awards-2019\/#primaryimage"},"image":{"@id":"https:\/\/claireideas.com\/2019\/05\/decernarea-premiilor-elle-decoration-romanian-design-awards-2019\/#primaryimage"},"thumbnailUrl":"https:\/\/claireideas.com\/wp-content\/uploads\/2019\/05\/Picture1-9.jpg","datePublished":"2019-05-30T21:55:58+00:00","dateModified":"2019-05-31T07:23:11+00:00","breadcrumb":{"@id":"https:\/\/claireideas.com\/2019\/05\/decernarea-premiilor-elle-decoration-romanian-design-awards-2019\/#breadcrumb"},"inLanguage":"ro-RO","potentialAction":[{"@type":"ReadAction","target":["https:\/\/claireideas.com\/2019\/05\/decernarea-premiilor-elle-decoration-romanian-design-awards-2019\/"]}]},{"@type":"ImageObject","inLanguage":"ro-RO","@id":"https:\/\/claireideas.com\/2019\/05\/decernarea-premiilor-elle-decoration-romanian-design-awards-2019\/#primaryimage","url":"https:\/\/claireideas.com\/wp-content\/uploads\/2019\/05\/Picture1-9.jpg","contentUrl":"https:\/\/claireideas.com\/wp-content\/uploads\/2019\/05\/Picture1-9.jpg","width":919,"height":766},{"@type":"BreadcrumbList","@id":"https:\/\/claireideas.com\/2019\/05\/decernarea-premiilor-elle-decoration-romanian-design-awards-2019\/#breadcrumb","itemListElement":[{"@type":"ListItem","position":1,"name":"Home","item":"https:\/\/claireideas.com\/"},{"@type":"ListItem","position":2,"name":"Decernarea Premiilor Elle Decoration Romanian Design Awards 2019"}]},{"@type":"WebSite","@id":"https:\/\/claireideas.com\/#website","url":"https:\/\/claireideas.com\/","name":"{:en}Claire Ideas{:}{:ro}Claire Ideas{:}","description":"Your Business Partner - Since 2018","publisher":{"@id":"https:\/\/claireideas.com\/#organization"},"potentialAction":[{"@type":"SearchAction","target":{"@type":"EntryPoint","urlTemplate":"https:\/\/claireideas.com\/?s={search_term_string}"},"query-input":{"@type":"PropertyValueSpecification","valueRequired":true,"valueName":"search_term_string"}}],"inLanguage":"ro-RO"},{"@type":"Organization","@id":"https:\/\/claireideas.com\/#organization","name":"CLAIRE IDEAS","url":"https:\/\/claireideas.com\/","logo":{"@type":"ImageObject","inLanguage":"ro-RO","@id":"https:\/\/claireideas.com\/#\/schema\/logo\/image\/","url":"https:\/\/claireideas.com\/wp-content\/uploads\/2019\/01\/Logo-Claire-Ideas.gif","contentUrl":"https:\/\/claireideas.com\/wp-content\/uploads\/2019\/01\/Logo-Claire-Ideas.gif","width":499,"height":499,"caption":"CLAIRE IDEAS"},"image":{"@id":"https:\/\/claireideas.com\/#\/schema\/logo\/image\/"},"sameAs":["https:\/\/www.facebook.com\/Claire-Ideas-Interior-Design-Project-Management-2133054803437241\/"]},{"@type":"Person","@id":"https:\/\/claireideas.com\/#\/schema\/person\/bf3c522c2b8e87a5900c9e59fcb54583","name":"JustMe"}]}},"amp_enabled":true,"_links":{"self":[{"href":"https:\/\/claireideas.com\/ro\/wp-json\/wp\/v2\/posts\/1890","targetHints":{"allow":["GET"]}}],"collection":[{"href":"https:\/\/claireideas.com\/ro\/wp-json\/wp\/v2\/posts"}],"about":[{"href":"https:\/\/claireideas.com\/ro\/wp-json\/wp\/v2\/types\/post"}],"author":[{"embeddable":true,"href":"https:\/\/claireideas.com\/ro\/wp-json\/wp\/v2\/users\/1"}],"replies":[{"embeddable":true,"href":"https:\/\/claireideas.com\/ro\/wp-json\/wp\/v2\/comments?post=1890"}],"version-history":[{"count":23,"href":"https:\/\/claireideas.com\/ro\/wp-json\/wp\/v2\/posts\/1890\/revisions"}],"predecessor-version":[{"id":2636,"href":"https:\/\/claireideas.com\/ro\/wp-json\/wp\/v2\/posts\/1890\/revisions\/2636"}],"wp:featuredmedia":[{"embeddable":true,"href":"https:\/\/claireideas.com\/ro\/wp-json\/wp\/v2\/media\/1898"}],"wp:attachment":[{"href":"https:\/\/claireideas.com\/ro\/wp-json\/wp\/v2\/media?parent=1890"}],"wp:term":[{"taxonomy":"category","embeddable":true,"href":"https:\/\/claireideas.com\/ro\/wp-json\/wp\/v2\/categories?post=1890"},{"taxonomy":"post_tag","embeddable":true,"href":"https:\/\/claireideas.com\/ro\/wp-json\/wp\/v2\/tags?post=1890"}],"curies":[{"name":"wp","href":"https:\/\/api.w.org\/{rel}","templated":true}]}}