{"id":2633,"date":"2019-08-15T16:21:37","date_gmt":"2019-08-15T16:21:37","guid":{"rendered":"https:\/\/claireideas.com\/?p=2633"},"modified":"2019-09-02T07:48:47","modified_gmt":"2019-09-02T07:48:47","slug":"cum-gandesc-un-buget-pentru-o-amenajare-de-interior","status":"publish","type":"post","link":"https:\/\/claireideas.com\/ro\/2019\/08\/cum-gandesc-un-buget-pentru-o-amenajare-de-interior\/","title":{"rendered":"Cum g\u00e2ndesc un buget pentru o amenajare de interior?"},"content":{"rendered":"\n<p style=\"text-align:center\" class=\"has-medium-font-size\">O \u00eentrebare simpl\u0103 \u0219i totu\u0219i care are un r\u0103spuns complex. Probabil unii dintre voi s-au \u00eentrebat (sau nu) \u00eenainte de a \u00eencepe o amenajare de interior, c\u00e2\u021bi bani trebuie investi\u021bi ca s\u0103 arate a\u0219a cum o visa\u021bi\u2026 <\/p>\n\n\n\n<blockquote style=\"text-align:center\" class=\"wp-block-quote is-style-large is-layout-flow wp-block-quote-is-layout-flow\"><p>Vreau s\u0103 imi amenajez spa\u021biul, &#8222;<em>moka<\/em>&#8221; dac\u0103 se poate! Gratis, v\u0103 rog!<\/p><\/blockquote>\n\n\n\n<p style=\"text-align:center\" class=\"has-medium-font-size\">Ipotetic vorbind, sunt persoane care nu au nici\ncea mai vag\u0103 idee despre ceea ce presupune o amenajare de interior \u0219i care se\ng\u00e2ndesc c\u0103 pot amenaja un spa\u021biu pentru un magazin de lux de 150 mp \u00een Doroban\u021bi\ncu un buget de 3000 euro. Oric\u00e2t de multe fantezii de genul acesta ar avea\u2026\neste practic imposibil, asta dac\u0103 vor s\u0103 fac\u0103 ceva de calitate \u0219i nu doar s\u0103 arunce\nun strat de vopsea lavabil\u0103 pe pere\u021bi \u0219i cam at\u00e2t.&nbsp; &nbsp;Metaforic\nvorbind, aceste idei seaman\u0103 cumva cu dorin\u021ba unui copil de 10 ani s\u0103 conduc\u0103\nun Ferrari, dar nu ajunge la pedale sau a unui pu\u0219tan de 16 ani care viseaz\u0103 c\u0103\nAngelina Joile este iubita lui, poate va avea noroc\u2026 \u00eentr-o via\u021b\u0103 viitoare. <\/p>\n\n\n\n<p style=\"text-align:center\" class=\"has-medium-font-size\">Dac\u0103 am mai destins un pic atmosfera, s\u0103 revenim\nla realitate\u2026 \u201dAlo, P\u0103m\u00e2ntul c\u0103tre Stele\u2026\u201d<\/p>\n\n\n\n<p style=\"text-align:center\" class=\"has-medium-font-size\">Pentru a evita orice ne\u00eentelegere \u00een ceea ce prive\u0219te bugetul alocat amenaj\u0103rii este nevoie de existen\u021ba unei comunic\u0103ri eficiente \u00eentre designer-ul de interior \u0219i client, fiind necesare c\u00e2teva clarific\u0103ri preliminare. <\/p>\n\n\n\n<p style=\"text-align:center\" class=\"has-medium-font-size\">Prima \u0219i cea mai important\u0103 idee, de la care se pleac\u0103 pentru estimarea bugetului de amenajare este destina\u021bia viitoare a spa\u021biului. \u00cen cazul unui spa\u021biu horeca, important este s\u0103 se cunoasc\u0103 tipologia viitorilor clien\u021bi, adic\u0103 target-ul afacerii \u00een cauz\u0103. &nbsp;<\/p>\n\n\n\n<p style=\"text-align:center\" class=\"has-medium-font-size\">\u00cen baza acestei idei se merge la urm\u0103torul\naspect important care \u021bine de calitatea dorit\u0103 a finisajelor, a mobilierului, a\naccesoriilor \u0219i decora\u021biunilor: standard, premium, lux.&nbsp; <\/p>\n\n\n\n<p style=\"text-align:center\" class=\"has-medium-font-size\">Pe scurt, trebuie analizat\u0103 situa\u021bia \u0219i g\u0103sit un echilibru \u00eentre ceea ce \u00ee\u021bi dore\u0219ti versus a ceea ce po\u021bi oferi pentru a se realiza visul t\u0103u (exemplu: target-ul afacerii versus capacitatea financiar\u0103 de investi\u021bie \u00een amenajare). Nu po\u021bi s\u0103 ai un spa\u021biu de lux, gratis. <\/p>\n\n\n\n<p style=\"text-align:center\" class=\"has-medium-font-size\">G\u00e2ndind un pic mai mult \u00een detaliu, se observ\u0103 stadiul actual al spa\u021biului, gradul de finisare, ce se dore\u0219te s\u0103 ram\u00e2n\u0103 \u0219i ce anume se schimb\u0103 din finisajele existente (schimb\u0103m parchetul, r\u0103m\u00e2ne tapetul de pe pere\u021bi sau schimb\u0103m tot sau r\u0103m\u00e2n doar geamurile\/vitrinele, etc.).<\/p>\n\n\n\n<p style=\"text-align:center\" class=\"has-medium-font-size\">O alt\u0103 \u00eentrebare cheie care afecteaz\u0103 bugetul \u0219i\npe care mul\u021bi o ignor\u0103 se refer\u0103 la func\u021bionalitatea spa\u021biului. Este spa\u021biul actual\nfunc\u021bional pentru destina\u021bia lui viitoare, motivul pentru care vreau s\u0103 \u00eel amenajez?\nSunt necesare schimb\u0103ri de recompartimentare ceea ce implic\u0103 costuri suplimentare\nde demolare\/construc\u021bie \u0219i\/sau chiar de autorizare?<\/p>\n\n\n\n<p style=\"text-align:center\" class=\"has-medium-font-size\">Pentru a sublinia idea, revenim la exemplul magazinului de 150 mp, care nu trebuie g\u00e2ndit doar ca \u0219i cum ar fi un plan de 150 mp \u0219i atat. Acest magazin de 150 mp trebuie vizualizat ca pe un spa\u021biu 3D pe cele 3 axe x, y \u0219i z, adic\u0103 lungime, l\u0103\u021bime \u0219i \u00een\u0103l\u021bime. Pe l\u00e2ng\u0103 suprafa\u021ba pardoselii, magazinul are suprafa\u021ba pere\u021bilor \u0219i cea a tavanului care trebuie, de asemenea considerate \u00een bugetul de amenajare at\u00e2t din punct de vedere al materialelor, c\u00e2t \u0219i &nbsp;pentru manoper\u0103. <\/p>\n\n\n\n<p style=\"text-align:center\" class=\"has-medium-font-size\">\u00cen plus, avem mobilierul care \u00een func\u021bie de furnizorul de la care este cump\u0103rat, de designer-ul de obiect care l-a creat; achizi\u021bionat pe comand\u0103, fie direct dintr-un magazin de renume, poate costa de la simplu la triplu sau chiar mai mult. O canapea de 500 euro de la un magazin &nbsp;oarecare nu o po\u021bi compara cu o canapea realizat\u0103 de un designer renumit de obiect care poate porni cu pre\u021bul chiar \u0219i de la 3000 euro sau care poate ajunge la o sum\u0103 de 7-8000 euro. &nbsp;<\/p>\n\n\n\n<p style=\"text-align:center\" class=\"has-medium-font-size\">Iar exemplele pot continua: o buc\u0103t\u0103rie standard pentru un spa\u021biu foarte mic pleac\u0103 de la 1000 euro f\u0103r\u0103 costul aparatelor electrocasnice. Cu c\u00e2t cre\u0219te spa\u021biul destinat buc\u0103t\u0103riei \u0219i dorin\u021ba de a avea calitate superioar\u0103, cre\u0219te \u0219i pre\u021bul, ap\u0103r\u00e2nd nevoia de a aloca un buget chiar \u0219i de 8-10000 euro pentru o buc\u0103t\u0103rie realizat\u0103 \u00een spa\u021bii mari \u0219i de lux. <\/p>\n\n\n\n<p style=\"text-align:center\" class=\"has-medium-font-size\">   Toate aceste detalii, plus multe altele pe care dac\u0103 le-am detalia  ar   transforma   acest   articol    \u00eentr-un roman, sunt foarte importante pentru a se realiza un buget ini\u021bial fezabil pentru amenajarea viitorului spa\u021biu. &nbsp;\u00cenainte s\u0103 discute cu designer-ul, clientul ar trebui s\u0103 \u0219tie ce anume \u00ee\u0219i dore\u0219te, ce capacitate financiar\u0103 are pentru viitoarea investi\u021bie \u0219i un buget estimativ \u00een care ar vrea s\u0103 se \u00eencadreze, dar care trebuie s\u0103 \u021bin\u0103 cont de finisaje, mobilier, accesorii, decora\u021biuni \u0219i, s\u0103 nu uit\u0103m <a href=\"https:\/\/claireideas.com\/ro\/services-prices\/\"><strong>serviciile designer-ului de interior. <\/strong><\/a><\/p>\n\n\n\n<p><em>Autor: Georgiana Georgescu pentru Claire Idea<\/em>s<\/p>\n\n\n\n<p>Copyright \u00a9 Claire Ideas &#8211; Toate Drepturile Rezervate 2019 <\/p>\n\n\n","protected":false},"excerpt":{"rendered":"<p>O \u00eentrebare simpl\u0103 \u0219i totu\u0219i care are un r\u0103spuns complex. Probabil unii dintre voi s-au \u00eentrebat (sau nu) \u00eenainte de a \u00eencepe o amenajare de interior, c\u00e2\u021bi bani trebuie investi\u021bi ca s\u0103 arate a\u0219a cum o visa\u021bi\u2026 Vreau s\u0103 imi amenajez spa\u021biul, &#8222;moka&#8221; dac\u0103 se poate! Gratis, v\u0103 rog! Ipotetic vorbind, sunt persoane care nu [&hellip;]<\/p>\n","protected":false},"author":1,"featured_media":2641,"comment_status":"closed","ping_status":"closed","sticky":false,"template":"","format":"standard","meta":{"footnotes":""},"categories":[21],"tags":[15,66,67,55,68],"class_list":["post-2633","post","type-post","status-publish","format-standard","has-post-thumbnail","hentry","category-articole-design-interior","tag-amenajare","tag-amenajare-de-interior","tag-buget-amenajare","tag-interior-designer","tag-servicii-design-de-interior"],"translation":{"provider":"WPGlobus","version":"3.0.2","language":"ro","enabled_languages":["en","ro"],"languages":{"en":{"title":true,"content":true,"excerpt":false},"ro":{"title":false,"content":false,"excerpt":false}}},"yoast_head":"<!-- This site is optimized with the Yoast SEO plugin v27.5 - https:\/\/yoast.com\/product\/yoast-seo-wordpress\/ -->\n<title>Cum g\u00e2ndesc un buget pentru o amenajare de interior? - Claire Ideas<\/title>\n<meta name=\"robots\" content=\"index, follow, max-snippet:-1, max-image-preview:large, max-video-preview:-1\" \/>\n<link rel=\"canonical\" href=\"https:\/\/claireideas.com\/2019\/08\/cum-gandesc-un-buget-pentru-o-amenajare-de-interior\/\" \/>\n<meta property=\"og:locale\" content=\"ro_RO\" \/>\n<meta property=\"og:type\" content=\"article\" \/>\n<meta property=\"og:title\" content=\"Cum g\u00e2ndesc un buget pentru o amenajare de interior? - Claire Ideas\" \/>\n<meta property=\"og:url\" content=\"https:\/\/claireideas.com\/2019\/08\/cum-gandesc-un-buget-pentru-o-amenajare-de-interior\/\" \/>\n<meta property=\"og:site_name\" content=\"Claire Ideas\" \/>\n<meta property=\"article:publisher\" content=\"https:\/\/www.facebook.com\/Claire-Ideas-Interior-Design-Project-Management-2133054803437241\/\" \/>\n<meta property=\"article:published_time\" content=\"2019-08-15T16:21:37+00:00\" \/>\n<meta property=\"article:modified_time\" content=\"2019-09-02T07:48:47+00:00\" \/>\n<meta property=\"og:image\" content=\"https:\/\/claireideas.com\/wp-content\/uploads\/2019\/08\/art.jpg\" \/>\n\t<meta property=\"og:image:width\" content=\"910\" \/>\n\t<meta property=\"og:image:height\" content=\"873\" \/>\n\t<meta property=\"og:image:type\" content=\"image\/jpeg\" \/>\n<meta name=\"author\" content=\"JustMe\" \/>\n<meta name=\"twitter:card\" content=\"summary_large_image\" \/>\n<meta name=\"twitter:label1\" content=\"Scris de\" \/>\n\t<meta name=\"twitter:data1\" content=\"JustMe\" \/>\n\t<meta name=\"twitter:label2\" content=\"Timp estimat pentru citire\" \/>\n\t<meta name=\"twitter:data2\" content=\"4 minute\" \/>\n<script type=\"application\/ld+json\" class=\"yoast-schema-graph\">{\"@context\":\"https:\\\/\\\/schema.org\",\"@graph\":[{\"@type\":\"Article\",\"@id\":\"https:\\\/\\\/claireideas.com\\\/2019\\\/08\\\/cum-gandesc-un-buget-pentru-o-amenajare-de-interior\\\/#article\",\"isPartOf\":{\"@id\":\"https:\\\/\\\/claireideas.com\\\/2019\\\/08\\\/cum-gandesc-un-buget-pentru-o-amenajare-de-interior\\\/\"},\"author\":{\"name\":\"JustMe\",\"@id\":\"https:\\\/\\\/claireideas.com\\\/#\\\/schema\\\/person\\\/bf3c522c2b8e87a5900c9e59fcb54583\"},\"headline\":\"Cum g\u00e2ndesc un buget pentru o amenajare de interior?\",\"datePublished\":\"2019-08-15T16:21:37+00:00\",\"dateModified\":\"2019-09-02T07:48:47+00:00\",\"mainEntityOfPage\":{\"@id\":\"https:\\\/\\\/claireideas.com\\\/2019\\\/08\\\/cum-gandesc-un-buget-pentru-o-amenajare-de-interior\\\/\"},\"wordCount\":854,\"publisher\":{\"@id\":\"https:\\\/\\\/claireideas.com\\\/#organization\"},\"image\":{\"@id\":\"https:\\\/\\\/claireideas.com\\\/2019\\\/08\\\/cum-gandesc-un-buget-pentru-o-amenajare-de-interior\\\/#primaryimage\"},\"thumbnailUrl\":\"https:\\\/\\\/claireideas.com\\\/wp-content\\\/uploads\\\/2019\\\/08\\\/art.jpg\",\"keywords\":[\"amenajare\",\"amenajare de interior\",\"buget amenajare\",\"interior designer\",\"servicii design de interior\"],\"articleSection\":[\"ARTICOLE\"],\"inLanguage\":\"ro-RO\"},{\"@type\":\"WebPage\",\"@id\":\"https:\\\/\\\/claireideas.com\\\/2019\\\/08\\\/cum-gandesc-un-buget-pentru-o-amenajare-de-interior\\\/\",\"url\":\"https:\\\/\\\/claireideas.com\\\/2019\\\/08\\\/cum-gandesc-un-buget-pentru-o-amenajare-de-interior\\\/\",\"name\":\"Cum g\u00e2ndesc un buget pentru o amenajare de interior? - Claire Ideas\",\"isPartOf\":{\"@id\":\"https:\\\/\\\/claireideas.com\\\/#website\"},\"primaryImageOfPage\":{\"@id\":\"https:\\\/\\\/claireideas.com\\\/2019\\\/08\\\/cum-gandesc-un-buget-pentru-o-amenajare-de-interior\\\/#primaryimage\"},\"image\":{\"@id\":\"https:\\\/\\\/claireideas.com\\\/2019\\\/08\\\/cum-gandesc-un-buget-pentru-o-amenajare-de-interior\\\/#primaryimage\"},\"thumbnailUrl\":\"https:\\\/\\\/claireideas.com\\\/wp-content\\\/uploads\\\/2019\\\/08\\\/art.jpg\",\"datePublished\":\"2019-08-15T16:21:37+00:00\",\"dateModified\":\"2019-09-02T07:48:47+00:00\",\"breadcrumb\":{\"@id\":\"https:\\\/\\\/claireideas.com\\\/2019\\\/08\\\/cum-gandesc-un-buget-pentru-o-amenajare-de-interior\\\/#breadcrumb\"},\"inLanguage\":\"ro-RO\",\"potentialAction\":[{\"@type\":\"ReadAction\",\"target\":[\"https:\\\/\\\/claireideas.com\\\/2019\\\/08\\\/cum-gandesc-un-buget-pentru-o-amenajare-de-interior\\\/\"]}]},{\"@type\":\"ImageObject\",\"inLanguage\":\"ro-RO\",\"@id\":\"https:\\\/\\\/claireideas.com\\\/2019\\\/08\\\/cum-gandesc-un-buget-pentru-o-amenajare-de-interior\\\/#primaryimage\",\"url\":\"https:\\\/\\\/claireideas.com\\\/wp-content\\\/uploads\\\/2019\\\/08\\\/art.jpg\",\"contentUrl\":\"https:\\\/\\\/claireideas.com\\\/wp-content\\\/uploads\\\/2019\\\/08\\\/art.jpg\",\"width\":910,\"height\":873},{\"@type\":\"BreadcrumbList\",\"@id\":\"https:\\\/\\\/claireideas.com\\\/2019\\\/08\\\/cum-gandesc-un-buget-pentru-o-amenajare-de-interior\\\/#breadcrumb\",\"itemListElement\":[{\"@type\":\"ListItem\",\"position\":1,\"name\":\"Home\",\"item\":\"https:\\\/\\\/claireideas.com\\\/\"},{\"@type\":\"ListItem\",\"position\":2,\"name\":\"Cum g\u00e2ndesc un buget pentru o amenajare de interior?\"}]},{\"@type\":\"WebSite\",\"@id\":\"https:\\\/\\\/claireideas.com\\\/#website\",\"url\":\"https:\\\/\\\/claireideas.com\\\/\",\"name\":\"{:en}Claire Ideas{:}{:ro}Claire Ideas{:}\",\"description\":\"Your Business Partner - Since 2018\",\"publisher\":{\"@id\":\"https:\\\/\\\/claireideas.com\\\/#organization\"},\"potentialAction\":[{\"@type\":\"SearchAction\",\"target\":{\"@type\":\"EntryPoint\",\"urlTemplate\":\"https:\\\/\\\/claireideas.com\\\/?s={search_term_string}\"},\"query-input\":{\"@type\":\"PropertyValueSpecification\",\"valueRequired\":true,\"valueName\":\"search_term_string\"}}],\"inLanguage\":\"ro-RO\"},{\"@type\":\"Organization\",\"@id\":\"https:\\\/\\\/claireideas.com\\\/#organization\",\"name\":\"CLAIRE IDEAS\",\"url\":\"https:\\\/\\\/claireideas.com\\\/\",\"logo\":{\"@type\":\"ImageObject\",\"inLanguage\":\"ro-RO\",\"@id\":\"https:\\\/\\\/claireideas.com\\\/#\\\/schema\\\/logo\\\/image\\\/\",\"url\":\"https:\\\/\\\/claireideas.com\\\/wp-content\\\/uploads\\\/2019\\\/01\\\/Logo-Claire-Ideas.gif\",\"contentUrl\":\"https:\\\/\\\/claireideas.com\\\/wp-content\\\/uploads\\\/2019\\\/01\\\/Logo-Claire-Ideas.gif\",\"width\":499,\"height\":499,\"caption\":\"CLAIRE IDEAS\"},\"image\":{\"@id\":\"https:\\\/\\\/claireideas.com\\\/#\\\/schema\\\/logo\\\/image\\\/\"},\"sameAs\":[\"https:\\\/\\\/www.facebook.com\\\/Claire-Ideas-Interior-Design-Project-Management-2133054803437241\\\/\"]},{\"@type\":\"Person\",\"@id\":\"https:\\\/\\\/claireideas.com\\\/#\\\/schema\\\/person\\\/bf3c522c2b8e87a5900c9e59fcb54583\",\"name\":\"JustMe\"}]}<\/script>\n<!-- \/ Yoast SEO plugin. -->","yoast_head_json":{"title":"Cum g\u00e2ndesc un buget pentru o amenajare de interior? - Claire Ideas","robots":{"index":"index","follow":"follow","max-snippet":"max-snippet:-1","max-image-preview":"max-image-preview:large","max-video-preview":"max-video-preview:-1"},"canonical":"https:\/\/claireideas.com\/2019\/08\/cum-gandesc-un-buget-pentru-o-amenajare-de-interior\/","og_locale":"ro_RO","og_type":"article","og_title":"Cum g\u00e2ndesc un buget pentru o amenajare de interior? - Claire Ideas","og_url":"https:\/\/claireideas.com\/2019\/08\/cum-gandesc-un-buget-pentru-o-amenajare-de-interior\/","og_site_name":"Claire Ideas","article_publisher":"https:\/\/www.facebook.com\/Claire-Ideas-Interior-Design-Project-Management-2133054803437241\/","article_published_time":"2019-08-15T16:21:37+00:00","article_modified_time":"2019-09-02T07:48:47+00:00","og_image":[{"width":910,"height":873,"url":"https:\/\/claireideas.com\/wp-content\/uploads\/2019\/08\/art.jpg","type":"image\/jpeg"}],"author":"JustMe","twitter_card":"summary_large_image","twitter_misc":{"Scris de":"JustMe","Timp estimat pentru citire":"4 minute"},"schema":{"@context":"https:\/\/schema.org","@graph":[{"@type":"Article","@id":"https:\/\/claireideas.com\/2019\/08\/cum-gandesc-un-buget-pentru-o-amenajare-de-interior\/#article","isPartOf":{"@id":"https:\/\/claireideas.com\/2019\/08\/cum-gandesc-un-buget-pentru-o-amenajare-de-interior\/"},"author":{"name":"JustMe","@id":"https:\/\/claireideas.com\/#\/schema\/person\/bf3c522c2b8e87a5900c9e59fcb54583"},"headline":"Cum g\u00e2ndesc un buget pentru o amenajare de interior?","datePublished":"2019-08-15T16:21:37+00:00","dateModified":"2019-09-02T07:48:47+00:00","mainEntityOfPage":{"@id":"https:\/\/claireideas.com\/2019\/08\/cum-gandesc-un-buget-pentru-o-amenajare-de-interior\/"},"wordCount":854,"publisher":{"@id":"https:\/\/claireideas.com\/#organization"},"image":{"@id":"https:\/\/claireideas.com\/2019\/08\/cum-gandesc-un-buget-pentru-o-amenajare-de-interior\/#primaryimage"},"thumbnailUrl":"https:\/\/claireideas.com\/wp-content\/uploads\/2019\/08\/art.jpg","keywords":["amenajare","amenajare de interior","buget amenajare","interior designer","servicii design de interior"],"articleSection":["ARTICOLE"],"inLanguage":"ro-RO"},{"@type":"WebPage","@id":"https:\/\/claireideas.com\/2019\/08\/cum-gandesc-un-buget-pentru-o-amenajare-de-interior\/","url":"https:\/\/claireideas.com\/2019\/08\/cum-gandesc-un-buget-pentru-o-amenajare-de-interior\/","name":"Cum g\u00e2ndesc un buget pentru o amenajare de interior? - Claire Ideas","isPartOf":{"@id":"https:\/\/claireideas.com\/#website"},"primaryImageOfPage":{"@id":"https:\/\/claireideas.com\/2019\/08\/cum-gandesc-un-buget-pentru-o-amenajare-de-interior\/#primaryimage"},"image":{"@id":"https:\/\/claireideas.com\/2019\/08\/cum-gandesc-un-buget-pentru-o-amenajare-de-interior\/#primaryimage"},"thumbnailUrl":"https:\/\/claireideas.com\/wp-content\/uploads\/2019\/08\/art.jpg","datePublished":"2019-08-15T16:21:37+00:00","dateModified":"2019-09-02T07:48:47+00:00","breadcrumb":{"@id":"https:\/\/claireideas.com\/2019\/08\/cum-gandesc-un-buget-pentru-o-amenajare-de-interior\/#breadcrumb"},"inLanguage":"ro-RO","potentialAction":[{"@type":"ReadAction","target":["https:\/\/claireideas.com\/2019\/08\/cum-gandesc-un-buget-pentru-o-amenajare-de-interior\/"]}]},{"@type":"ImageObject","inLanguage":"ro-RO","@id":"https:\/\/claireideas.com\/2019\/08\/cum-gandesc-un-buget-pentru-o-amenajare-de-interior\/#primaryimage","url":"https:\/\/claireideas.com\/wp-content\/uploads\/2019\/08\/art.jpg","contentUrl":"https:\/\/claireideas.com\/wp-content\/uploads\/2019\/08\/art.jpg","width":910,"height":873},{"@type":"BreadcrumbList","@id":"https:\/\/claireideas.com\/2019\/08\/cum-gandesc-un-buget-pentru-o-amenajare-de-interior\/#breadcrumb","itemListElement":[{"@type":"ListItem","position":1,"name":"Home","item":"https:\/\/claireideas.com\/"},{"@type":"ListItem","position":2,"name":"Cum g\u00e2ndesc un buget pentru o amenajare de interior?"}]},{"@type":"WebSite","@id":"https:\/\/claireideas.com\/#website","url":"https:\/\/claireideas.com\/","name":"{:en}Claire Ideas{:}{:ro}Claire Ideas{:}","description":"Your Business Partner - Since 2018","publisher":{"@id":"https:\/\/claireideas.com\/#organization"},"potentialAction":[{"@type":"SearchAction","target":{"@type":"EntryPoint","urlTemplate":"https:\/\/claireideas.com\/?s={search_term_string}"},"query-input":{"@type":"PropertyValueSpecification","valueRequired":true,"valueName":"search_term_string"}}],"inLanguage":"ro-RO"},{"@type":"Organization","@id":"https:\/\/claireideas.com\/#organization","name":"CLAIRE IDEAS","url":"https:\/\/claireideas.com\/","logo":{"@type":"ImageObject","inLanguage":"ro-RO","@id":"https:\/\/claireideas.com\/#\/schema\/logo\/image\/","url":"https:\/\/claireideas.com\/wp-content\/uploads\/2019\/01\/Logo-Claire-Ideas.gif","contentUrl":"https:\/\/claireideas.com\/wp-content\/uploads\/2019\/01\/Logo-Claire-Ideas.gif","width":499,"height":499,"caption":"CLAIRE IDEAS"},"image":{"@id":"https:\/\/claireideas.com\/#\/schema\/logo\/image\/"},"sameAs":["https:\/\/www.facebook.com\/Claire-Ideas-Interior-Design-Project-Management-2133054803437241\/"]},{"@type":"Person","@id":"https:\/\/claireideas.com\/#\/schema\/person\/bf3c522c2b8e87a5900c9e59fcb54583","name":"JustMe"}]}},"amp_enabled":true,"_links":{"self":[{"href":"https:\/\/claireideas.com\/ro\/wp-json\/wp\/v2\/posts\/2633","targetHints":{"allow":["GET"]}}],"collection":[{"href":"https:\/\/claireideas.com\/ro\/wp-json\/wp\/v2\/posts"}],"about":[{"href":"https:\/\/claireideas.com\/ro\/wp-json\/wp\/v2\/types\/post"}],"author":[{"embeddable":true,"href":"https:\/\/claireideas.com\/ro\/wp-json\/wp\/v2\/users\/1"}],"replies":[{"embeddable":true,"href":"https:\/\/claireideas.com\/ro\/wp-json\/wp\/v2\/comments?post=2633"}],"version-history":[{"count":22,"href":"https:\/\/claireideas.com\/ro\/wp-json\/wp\/v2\/posts\/2633\/revisions"}],"predecessor-version":[{"id":2856,"href":"https:\/\/claireideas.com\/ro\/wp-json\/wp\/v2\/posts\/2633\/revisions\/2856"}],"wp:featuredmedia":[{"embeddable":true,"href":"https:\/\/claireideas.com\/ro\/wp-json\/wp\/v2\/media\/2641"}],"wp:attachment":[{"href":"https:\/\/claireideas.com\/ro\/wp-json\/wp\/v2\/media?parent=2633"}],"wp:term":[{"taxonomy":"category","embeddable":true,"href":"https:\/\/claireideas.com\/ro\/wp-json\/wp\/v2\/categories?post=2633"},{"taxonomy":"post_tag","embeddable":true,"href":"https:\/\/claireideas.com\/ro\/wp-json\/wp\/v2\/tags?post=2633"}],"curies":[{"name":"wp","href":"https:\/\/api.w.org\/{rel}","templated":true}]}}