{"id":581,"date":"2019-03-28T14:41:31","date_gmt":"2019-03-28T14:41:31","guid":{"rendered":"https:\/\/claireideas.com\/?p=581"},"modified":"2019-04-02T14:03:46","modified_gmt":"2019-04-02T14:03:46","slug":"eveniment-cuib","status":"publish","type":"post","link":"https:\/\/claireideas.com\/ro\/2019\/03\/eveniment-cuib\/","title":{"rendered":"Vom fi la Evenimentul CUIB"},"content":{"rendered":"\n<p style=\"text-align:center\">Din dorin\u021ba de a oferi servicii de calitate superioar\u0103 clien\u021bilor no\u0219tri suntem \u00eentr-o continuu proces de dezvoltare \u0219i \u00eenv\u0103\u021bare. <\/p>\n\n\n\n<p style=\"text-align:center\">A\u0219adar, suntem \u00eenc\u00e2nta\u021bi s\u0103 v\u0103 anun\u021b\u0103m c\u0103 vom avea onoarea de a participa ca speciali\u0219ti \u00een cadrul evenimentului <a href=\"https:\/\/cuib.biz\/\"><strong>CUIB \u2013 Construie\u0219te U\u0219or, Inteligent, Bine,<\/strong><\/a> organizat \u00een acest sf\u00e2r\u0219it de s\u0103pt\u0103m\u00e2n\u0103 (29-31 martie 2018) &nbsp;la Centrul Cultural ARCUB. <\/p>\n\n\n\n<h2 class=\"wp-block-heading\" style=\"text-align:center\">Conferin\u021be \u00een design \u0219i arhitectur\u0103<\/h2>\n\n\n\n<p style=\"text-align:center\">Vom participa la 12 conferin\u021be sus\u021binute de\nc\u0103tre arhitec\u021bi \u0219i designeri autohtoni sau interna\u021bionali, unde se vor dezbate vineri\n\u0219i s\u00e2mb\u0103t\u0103 subiecte specifice precum:<\/p>\n\n\n\n<ul class=\"wp-block-list\"><li>Tradi\u021bia italian\u0103 \u00een Designul contemporan;<\/li><li>Tendin\u021be contemporane \u00een Arhitectur\u0103;<\/li><li>Tendin\u021be \u00een Designul de Interior;<\/li><li>Pia\u021ba Designului de Interior;<\/li><li>Proiectul de Design Interior;<\/li><li>Implementarea unui proiect de Design de Interior;<\/li><li>Identitatea, stilul \u0219i rafinamentul unui Design; <\/li><li>\u0219i altele.<\/li><\/ul>\n\n\n\n<p style=\"text-align:center\">Duminic\u0103 conferin\u021bele vor avea tematici focusate pe calitatea materialelor, managementul de proiect \u0219i legisla\u021bia actual\u0103 aplicabil\u0103 \u00een domeniul construc\u021biilor \u0219i urbanismului.  <\/p>\n\n\n\n<p style=\"text-align:center\">Pentru mai multe informa\u021bii pute\u021bi accesa programul complet <a href=\"https:\/\/cuib.biz\/program\/\"><strong>AICI\/PROGRAM CUIB<\/strong><\/a>. <\/p>\n\n\n\n<h2 class=\"wp-block-heading\" style=\"text-align:center\">Speakeri ce vor vorbi despre design interior \u0219i arhitectur\u0103<\/h2>\n\n\n\n<p style=\"text-align:center\">\u00cen cadrul evenimentului, printre celebrit\u0103\u021bile\n\u00een domeniu vom avea onoarea s\u0103 \u00eei ascult\u0103m pe:<\/p>\n\n\n\n<ul class=\"wp-block-list\"><li>Giulio Cappellini &#8211; arhitectul Italian care a pus baza brandului Cappellini la Milano \u0219i, care este considerat unul dintre cei mai mari influen\u021batori ai tendin\u021belor \u00een design la nivel mondial.  <\/li><li>Matteo Nunziati \u2013 arhitectul \u0219i designerul de interior care este considerat unul dintre cei mai importan\u021bi din genera\u021bia lui cu specializare \u00een hoteluri de lux, centre wellness \u0219i spa, c\u00e2t \u0219i reziden\u021biale. <\/li><li><a href=\"https:\/\/www.hamid-nicola-katrib.ro\/index.php\"><strong>Hamid Nicola Katrib<\/strong><\/a> (HNK) \u2013 \u201darhitectul libanez care iube\u0219te Rom\u00e2nia\u201d. \ud83d\ude42 <\/li><li><a href=\"https:\/\/adelaparvu.com\/\"><strong>Adela P\u00e2rvu<\/strong><\/a> \u2013 personajul din spatele unuia dintre cele mai cunoscute bloguri specializate \u00een design de interior \u0219i una dintre conduc\u0103toarele de success ale biroului de arhitectur\u0103 \u0219i design Alderamin Studio. <\/li><\/ul>\n\n\n\n<p style=\"text-align:center\">Bine\u00een\u021beles, dintre al\u021bi designeri \u0219i arhitec\u021bi importan\u021bi vor mai vorbi \u0219i: \u0218tefan Laz\u0103r (designer), Rare\u0219 Br\u0103deanu (specialist), Mihai Caraghiaur (designer), Eduard Man (arhitect), Anamaria Giurgiu (arhitect), Mario Stoica ( designer), dar nu numai. <\/p>\n\n\n\n<p style=\"text-align:center\">&nbsp;Lista complet\u0103 o g\u0103si\u021bi <a href=\"https:\/\/cuib.biz\/speakeri\/\"><strong>AICI\/Speakeri CU<\/strong>IB.<\/a><\/p>\n\n\n\n<p style=\"text-align:center\">S\u0102 VIN\u0102 WEEKENDUL &#8211; DESIGN INTERIOR \u0218I ARHITECTUR\u0102!<\/p>\n\n\n\n<p style=\"text-align:center\"><em>Not\u0103: Sursele se reg\u0103sesc \u00een cadrul articolului sub form\u0103 de link-uri c\u0103tre surs\u0103 (e.g. CUIB link c\u00e2tre https:\/cuib.biz, HNK <\/em> &#8211;<br><a href=\"https:\/\/www.hamid-nicola-katrib.ro\/index.php\">https:\/\/www.hamid-nicola-katrib.ro\/index.php,<\/a> Adela P\u00e2rvu &#8211;<em> <\/em> <br><a href=\"https:\/\/adelaparvu.com\/\">https:\/\/adelaparvu.com\/<\/a> ). <em>Mul\u021bumim. <\/em><\/p>\n\n\n\n<h2 class=\"wp-block-heading\"><\/h2>\n\n\n\n<p style=\"text-align:center\">Ne pute\u021bi vizita la adresa noastra de web <a href=\"https:\/\/claireideas.com\/interior-design\/\"><strong>Claire Ideas<\/strong><\/a>, iar pe Facebook&nbsp;<a href=\"https:\/\/www.facebook.com\/Claire-Ideas-Interior-Design-Project-Management-2133054803437241\/\">aici.<\/a>&nbsp;<\/p>\n\n\n\n<p style=\"text-align:center\">Ne pute\u021bi contacta la num\u0103rul de telefon 004 0748 125 896, pe adresa de e-mail contact@claireideas.com sau prin formularul de&nbsp;<a href=\"https:\/\/claireideas.com\/contact\/\"><strong>Contact<\/strong>.<\/a><\/p>\n\n\n\n<p><\/p>\n\n\n\n<p><\/p>\n\n\n\n<p><\/p>\n","protected":false},"excerpt":{"rendered":"<p>Din dorin\u021ba de a oferi servicii de calitate superioar\u0103 clien\u021bilor no\u0219tri suntem \u00eentr-o continuu proces de dezvoltare \u0219i \u00eenv\u0103\u021bare. A\u0219adar, suntem \u00eenc\u00e2nta\u021bi s\u0103 v\u0103 anun\u021b\u0103m c\u0103 vom avea onoarea de a participa ca speciali\u0219ti \u00een cadrul evenimentului CUIB \u2013 Construie\u0219te U\u0219or, Inteligent, Bine, organizat \u00een acest sf\u00e2r\u0219it de s\u0103pt\u0103m\u00e2n\u0103 (29-31 martie 2018) &nbsp;la Centrul Cultural [&hellip;]<\/p>\n","protected":false},"author":1,"featured_media":266,"comment_status":"open","ping_status":"open","sticky":false,"template":"","format":"standard","meta":{"footnotes":""},"categories":[21,26],"tags":[25,12,13,14],"class_list":["post-581","post","type-post","status-publish","format-standard","has-post-thumbnail","hentry","category-articole-design-interior","category-evenimente","tag-arhitectura","tag-design","tag-designer","tag-interior"],"translation":{"provider":"WPGlobus","version":"3.0.2","language":"ro","enabled_languages":["en","ro"],"languages":{"en":{"title":true,"content":true,"excerpt":false},"ro":{"title":false,"content":false,"excerpt":false}}},"yoast_head":"<!-- This site is optimized with the Yoast SEO plugin v27.5 - https:\/\/yoast.com\/product\/yoast-seo-wordpress\/ -->\n<title>Design Interior \u0219i Arhitectur\u0103 - Participare Eveniment CUIB - Claire Ideas<\/title>\n<meta name=\"robots\" content=\"index, follow, max-snippet:-1, max-image-preview:large, max-video-preview:-1\" \/>\n<link rel=\"canonical\" href=\"https:\/\/claireideas.com\/2019\/03\/eveniment-cuib\/\" \/>\n<meta property=\"og:locale\" content=\"ro_RO\" \/>\n<meta property=\"og:type\" content=\"article\" \/>\n<meta property=\"og:title\" content=\"Vom fi la Evenimentul CUIB - Claire Ideas\" \/>\n<meta property=\"og:url\" content=\"https:\/\/claireideas.com\/2019\/03\/eveniment-cuib\/\" \/>\n<meta property=\"og:site_name\" content=\"Claire Ideas\" \/>\n<meta property=\"article:publisher\" content=\"https:\/\/www.facebook.com\/Claire-Ideas-Interior-Design-Project-Management-2133054803437241\/\" \/>\n<meta property=\"article:published_time\" content=\"2019-03-28T14:41:31+00:00\" \/>\n<meta property=\"article:modified_time\" content=\"2019-04-02T14:03:46+00:00\" \/>\n<meta property=\"og:image\" content=\"https:\/\/claireideas.com\/wp-content\/uploads\/2018\/11\/Depositphotos_52465503_xl-2015-1-1024x718.jpg\" \/>\n\t<meta property=\"og:image:width\" content=\"1024\" \/>\n\t<meta property=\"og:image:height\" content=\"718\" \/>\n\t<meta property=\"og:image:type\" content=\"image\/jpeg\" \/>\n<meta name=\"author\" content=\"JustMe\" \/>\n<meta name=\"twitter:card\" content=\"summary_large_image\" \/>\n<meta name=\"twitter:label1\" content=\"Scris de\" \/>\n\t<meta name=\"twitter:data1\" content=\"JustMe\" \/>\n\t<meta name=\"twitter:label2\" content=\"Timp estimat pentru citire\" \/>\n\t<meta name=\"twitter:data2\" content=\"2 minute\" \/>\n<script type=\"application\/ld+json\" class=\"yoast-schema-graph\">{\"@context\":\"https:\\\/\\\/schema.org\",\"@graph\":[{\"@type\":\"Article\",\"@id\":\"https:\\\/\\\/claireideas.com\\\/2019\\\/03\\\/eveniment-cuib\\\/#article\",\"isPartOf\":{\"@id\":\"https:\\\/\\\/claireideas.com\\\/2019\\\/03\\\/eveniment-cuib\\\/\"},\"author\":{\"name\":\"JustMe\",\"@id\":\"https:\\\/\\\/claireideas.com\\\/#\\\/schema\\\/person\\\/bf3c522c2b8e87a5900c9e59fcb54583\"},\"headline\":\"Vom fi la Evenimentul CUIB\",\"datePublished\":\"2019-03-28T14:41:31+00:00\",\"dateModified\":\"2019-04-02T14:03:46+00:00\",\"mainEntityOfPage\":{\"@id\":\"https:\\\/\\\/claireideas.com\\\/2019\\\/03\\\/eveniment-cuib\\\/\"},\"wordCount\":462,\"commentCount\":0,\"publisher\":{\"@id\":\"https:\\\/\\\/claireideas.com\\\/#organization\"},\"image\":{\"@id\":\"https:\\\/\\\/claireideas.com\\\/2019\\\/03\\\/eveniment-cuib\\\/#primaryimage\"},\"thumbnailUrl\":\"https:\\\/\\\/claireideas.com\\\/wp-content\\\/uploads\\\/2018\\\/11\\\/Depositphotos_52465503_xl-2015-1.jpg\",\"keywords\":[\"arhitectur\u0103\",\"design\",\"designer\",\"interior\"],\"articleSection\":[\"ARTICOLE\",\"EVENIMENTE\"],\"inLanguage\":\"ro-RO\",\"potentialAction\":[{\"@type\":\"CommentAction\",\"name\":\"Comment\",\"target\":[\"https:\\\/\\\/claireideas.com\\\/2019\\\/03\\\/eveniment-cuib\\\/#respond\"]}]},{\"@type\":\"WebPage\",\"@id\":\"https:\\\/\\\/claireideas.com\\\/2019\\\/03\\\/eveniment-cuib\\\/\",\"url\":\"https:\\\/\\\/claireideas.com\\\/2019\\\/03\\\/eveniment-cuib\\\/\",\"name\":\"Design Interior \u0219i Arhitectur\u0103 - Participare Eveniment CUIB - Claire Ideas\",\"isPartOf\":{\"@id\":\"https:\\\/\\\/claireideas.com\\\/#website\"},\"primaryImageOfPage\":{\"@id\":\"https:\\\/\\\/claireideas.com\\\/2019\\\/03\\\/eveniment-cuib\\\/#primaryimage\"},\"image\":{\"@id\":\"https:\\\/\\\/claireideas.com\\\/2019\\\/03\\\/eveniment-cuib\\\/#primaryimage\"},\"thumbnailUrl\":\"https:\\\/\\\/claireideas.com\\\/wp-content\\\/uploads\\\/2018\\\/11\\\/Depositphotos_52465503_xl-2015-1.jpg\",\"datePublished\":\"2019-03-28T14:41:31+00:00\",\"dateModified\":\"2019-04-02T14:03:46+00:00\",\"description\":\"Vom participa ca specili\u0219ti \u00een cadrul evenimentului CUIB \u2013 Construie\u0219te U\u0219or, Inteligent, Bine despre Design Interior \u0219i Arhitectur\u0103\",\"breadcrumb\":{\"@id\":\"https:\\\/\\\/claireideas.com\\\/2019\\\/03\\\/eveniment-cuib\\\/#breadcrumb\"},\"inLanguage\":\"ro-RO\",\"potentialAction\":[{\"@type\":\"ReadAction\",\"target\":[\"https:\\\/\\\/claireideas.com\\\/2019\\\/03\\\/eveniment-cuib\\\/\"]}]},{\"@type\":\"ImageObject\",\"inLanguage\":\"ro-RO\",\"@id\":\"https:\\\/\\\/claireideas.com\\\/2019\\\/03\\\/eveniment-cuib\\\/#primaryimage\",\"url\":\"https:\\\/\\\/claireideas.com\\\/wp-content\\\/uploads\\\/2018\\\/11\\\/Depositphotos_52465503_xl-2015-1.jpg\",\"contentUrl\":\"https:\\\/\\\/claireideas.com\\\/wp-content\\\/uploads\\\/2018\\\/11\\\/Depositphotos_52465503_xl-2015-1.jpg\",\"width\":4800,\"height\":3367,\"caption\":\"Design Team Planning for a New Project\"},{\"@type\":\"BreadcrumbList\",\"@id\":\"https:\\\/\\\/claireideas.com\\\/2019\\\/03\\\/eveniment-cuib\\\/#breadcrumb\",\"itemListElement\":[{\"@type\":\"ListItem\",\"position\":1,\"name\":\"Home\",\"item\":\"https:\\\/\\\/claireideas.com\\\/\"},{\"@type\":\"ListItem\",\"position\":2,\"name\":\"Vom fi la Evenimentul CUIB\"}]},{\"@type\":\"WebSite\",\"@id\":\"https:\\\/\\\/claireideas.com\\\/#website\",\"url\":\"https:\\\/\\\/claireideas.com\\\/\",\"name\":\"{:en}Claire Ideas{:}{:ro}Claire Ideas{:}\",\"description\":\"Your Business Partner - Since 2018\",\"publisher\":{\"@id\":\"https:\\\/\\\/claireideas.com\\\/#organization\"},\"potentialAction\":[{\"@type\":\"SearchAction\",\"target\":{\"@type\":\"EntryPoint\",\"urlTemplate\":\"https:\\\/\\\/claireideas.com\\\/?s={search_term_string}\"},\"query-input\":{\"@type\":\"PropertyValueSpecification\",\"valueRequired\":true,\"valueName\":\"search_term_string\"}}],\"inLanguage\":\"ro-RO\"},{\"@type\":\"Organization\",\"@id\":\"https:\\\/\\\/claireideas.com\\\/#organization\",\"name\":\"CLAIRE IDEAS\",\"url\":\"https:\\\/\\\/claireideas.com\\\/\",\"logo\":{\"@type\":\"ImageObject\",\"inLanguage\":\"ro-RO\",\"@id\":\"https:\\\/\\\/claireideas.com\\\/#\\\/schema\\\/logo\\\/image\\\/\",\"url\":\"https:\\\/\\\/claireideas.com\\\/wp-content\\\/uploads\\\/2019\\\/01\\\/Logo-Claire-Ideas.gif\",\"contentUrl\":\"https:\\\/\\\/claireideas.com\\\/wp-content\\\/uploads\\\/2019\\\/01\\\/Logo-Claire-Ideas.gif\",\"width\":499,\"height\":499,\"caption\":\"CLAIRE IDEAS\"},\"image\":{\"@id\":\"https:\\\/\\\/claireideas.com\\\/#\\\/schema\\\/logo\\\/image\\\/\"},\"sameAs\":[\"https:\\\/\\\/www.facebook.com\\\/Claire-Ideas-Interior-Design-Project-Management-2133054803437241\\\/\"]},{\"@type\":\"Person\",\"@id\":\"https:\\\/\\\/claireideas.com\\\/#\\\/schema\\\/person\\\/bf3c522c2b8e87a5900c9e59fcb54583\",\"name\":\"JustMe\"}]}<\/script>\n<!-- \/ Yoast SEO plugin. -->","yoast_head_json":{"title":"Design Interior \u0219i Arhitectur\u0103 - Participare Eveniment CUIB - Claire Ideas","robots":{"index":"index","follow":"follow","max-snippet":"max-snippet:-1","max-image-preview":"max-image-preview:large","max-video-preview":"max-video-preview:-1"},"canonical":"https:\/\/claireideas.com\/2019\/03\/eveniment-cuib\/","og_locale":"ro_RO","og_type":"article","og_title":"Vom fi la Evenimentul CUIB - Claire Ideas","og_url":"https:\/\/claireideas.com\/2019\/03\/eveniment-cuib\/","og_site_name":"Claire Ideas","article_publisher":"https:\/\/www.facebook.com\/Claire-Ideas-Interior-Design-Project-Management-2133054803437241\/","article_published_time":"2019-03-28T14:41:31+00:00","article_modified_time":"2019-04-02T14:03:46+00:00","og_image":[{"width":1024,"height":718,"url":"https:\/\/claireideas.com\/wp-content\/uploads\/2018\/11\/Depositphotos_52465503_xl-2015-1-1024x718.jpg","type":"image\/jpeg"}],"author":"JustMe","twitter_card":"summary_large_image","twitter_misc":{"Scris de":"JustMe","Timp estimat pentru citire":"2 minute"},"schema":{"@context":"https:\/\/schema.org","@graph":[{"@type":"Article","@id":"https:\/\/claireideas.com\/2019\/03\/eveniment-cuib\/#article","isPartOf":{"@id":"https:\/\/claireideas.com\/2019\/03\/eveniment-cuib\/"},"author":{"name":"JustMe","@id":"https:\/\/claireideas.com\/#\/schema\/person\/bf3c522c2b8e87a5900c9e59fcb54583"},"headline":"Vom fi la Evenimentul CUIB","datePublished":"2019-03-28T14:41:31+00:00","dateModified":"2019-04-02T14:03:46+00:00","mainEntityOfPage":{"@id":"https:\/\/claireideas.com\/2019\/03\/eveniment-cuib\/"},"wordCount":462,"commentCount":0,"publisher":{"@id":"https:\/\/claireideas.com\/#organization"},"image":{"@id":"https:\/\/claireideas.com\/2019\/03\/eveniment-cuib\/#primaryimage"},"thumbnailUrl":"https:\/\/claireideas.com\/wp-content\/uploads\/2018\/11\/Depositphotos_52465503_xl-2015-1.jpg","keywords":["arhitectur\u0103","design","designer","interior"],"articleSection":["ARTICOLE","EVENIMENTE"],"inLanguage":"ro-RO","potentialAction":[{"@type":"CommentAction","name":"Comment","target":["https:\/\/claireideas.com\/2019\/03\/eveniment-cuib\/#respond"]}]},{"@type":"WebPage","@id":"https:\/\/claireideas.com\/2019\/03\/eveniment-cuib\/","url":"https:\/\/claireideas.com\/2019\/03\/eveniment-cuib\/","name":"Design Interior \u0219i Arhitectur\u0103 - Participare Eveniment CUIB - Claire Ideas","isPartOf":{"@id":"https:\/\/claireideas.com\/#website"},"primaryImageOfPage":{"@id":"https:\/\/claireideas.com\/2019\/03\/eveniment-cuib\/#primaryimage"},"image":{"@id":"https:\/\/claireideas.com\/2019\/03\/eveniment-cuib\/#primaryimage"},"thumbnailUrl":"https:\/\/claireideas.com\/wp-content\/uploads\/2018\/11\/Depositphotos_52465503_xl-2015-1.jpg","datePublished":"2019-03-28T14:41:31+00:00","dateModified":"2019-04-02T14:03:46+00:00","description":"Vom participa ca specili\u0219ti \u00een cadrul evenimentului CUIB \u2013 Construie\u0219te U\u0219or, Inteligent, Bine despre Design Interior \u0219i Arhitectur\u0103","breadcrumb":{"@id":"https:\/\/claireideas.com\/2019\/03\/eveniment-cuib\/#breadcrumb"},"inLanguage":"ro-RO","potentialAction":[{"@type":"ReadAction","target":["https:\/\/claireideas.com\/2019\/03\/eveniment-cuib\/"]}]},{"@type":"ImageObject","inLanguage":"ro-RO","@id":"https:\/\/claireideas.com\/2019\/03\/eveniment-cuib\/#primaryimage","url":"https:\/\/claireideas.com\/wp-content\/uploads\/2018\/11\/Depositphotos_52465503_xl-2015-1.jpg","contentUrl":"https:\/\/claireideas.com\/wp-content\/uploads\/2018\/11\/Depositphotos_52465503_xl-2015-1.jpg","width":4800,"height":3367,"caption":"Design Team Planning for a New Project"},{"@type":"BreadcrumbList","@id":"https:\/\/claireideas.com\/2019\/03\/eveniment-cuib\/#breadcrumb","itemListElement":[{"@type":"ListItem","position":1,"name":"Home","item":"https:\/\/claireideas.com\/"},{"@type":"ListItem","position":2,"name":"Vom fi la Evenimentul CUIB"}]},{"@type":"WebSite","@id":"https:\/\/claireideas.com\/#website","url":"https:\/\/claireideas.com\/","name":"{:en}Claire Ideas{:}{:ro}Claire Ideas{:}","description":"Your Business Partner - Since 2018","publisher":{"@id":"https:\/\/claireideas.com\/#organization"},"potentialAction":[{"@type":"SearchAction","target":{"@type":"EntryPoint","urlTemplate":"https:\/\/claireideas.com\/?s={search_term_string}"},"query-input":{"@type":"PropertyValueSpecification","valueRequired":true,"valueName":"search_term_string"}}],"inLanguage":"ro-RO"},{"@type":"Organization","@id":"https:\/\/claireideas.com\/#organization","name":"CLAIRE IDEAS","url":"https:\/\/claireideas.com\/","logo":{"@type":"ImageObject","inLanguage":"ro-RO","@id":"https:\/\/claireideas.com\/#\/schema\/logo\/image\/","url":"https:\/\/claireideas.com\/wp-content\/uploads\/2019\/01\/Logo-Claire-Ideas.gif","contentUrl":"https:\/\/claireideas.com\/wp-content\/uploads\/2019\/01\/Logo-Claire-Ideas.gif","width":499,"height":499,"caption":"CLAIRE IDEAS"},"image":{"@id":"https:\/\/claireideas.com\/#\/schema\/logo\/image\/"},"sameAs":["https:\/\/www.facebook.com\/Claire-Ideas-Interior-Design-Project-Management-2133054803437241\/"]},{"@type":"Person","@id":"https:\/\/claireideas.com\/#\/schema\/person\/bf3c522c2b8e87a5900c9e59fcb54583","name":"JustMe"}]}},"amp_enabled":true,"_links":{"self":[{"href":"https:\/\/claireideas.com\/ro\/wp-json\/wp\/v2\/posts\/581","targetHints":{"allow":["GET"]}}],"collection":[{"href":"https:\/\/claireideas.com\/ro\/wp-json\/wp\/v2\/posts"}],"about":[{"href":"https:\/\/claireideas.com\/ro\/wp-json\/wp\/v2\/types\/post"}],"author":[{"embeddable":true,"href":"https:\/\/claireideas.com\/ro\/wp-json\/wp\/v2\/users\/1"}],"replies":[{"embeddable":true,"href":"https:\/\/claireideas.com\/ro\/wp-json\/wp\/v2\/comments?post=581"}],"version-history":[{"count":21,"href":"https:\/\/claireideas.com\/ro\/wp-json\/wp\/v2\/posts\/581\/revisions"}],"predecessor-version":[{"id":776,"href":"https:\/\/claireideas.com\/ro\/wp-json\/wp\/v2\/posts\/581\/revisions\/776"}],"wp:featuredmedia":[{"embeddable":true,"href":"https:\/\/claireideas.com\/ro\/wp-json\/wp\/v2\/media\/266"}],"wp:attachment":[{"href":"https:\/\/claireideas.com\/ro\/wp-json\/wp\/v2\/media?parent=581"}],"wp:term":[{"taxonomy":"category","embeddable":true,"href":"https:\/\/claireideas.com\/ro\/wp-json\/wp\/v2\/categories?post=581"},{"taxonomy":"post_tag","embeddable":true,"href":"https:\/\/claireideas.com\/ro\/wp-json\/wp\/v2\/tags?post=581"}],"curies":[{"name":"wp","href":"https:\/\/api.w.org\/{rel}","templated":true}]}}